{"id":646,"date":"2021-01-11T15:01:19","date_gmt":"2021-01-11T14:01:19","guid":{"rendered":"http:\/\/www.austriandesign.at\/?p=646"},"modified":"2021-12-05T15:27:59","modified_gmt":"2021-12-05T14:27:59","slug":"was-kommt-herbst-winter-2021-22","status":"publish","type":"post","link":"https:\/\/www.austriandesign.at\/en\/was-kommt-herbst-winter-2021-22\/","title":{"rendered":"What's coming... Autumn\/Winter 2021\/22"},"content":{"rendered":"<p>Die neuesten Trendanalysen von der renommierten Trendforscherin Li Edelkoort und vom internationalen View Magazin geben einen \u00dcberblick \u00fcber die Themen der Saison 2021\/22.<\/p>\n<p><!--more--><\/p>\n<h2>\u00a0<\/h2>\n<h2><a id=\"blog210101\"><\/a>Trendprognose f\u00fcr Herbst\/Winter 2021\/22 von Lidewij Edelkoort<\/h2>\n<h3>Eine F\u00fclle von Wei\u00df, Strick und Komfort<\/h3>\n<p>Die Trendforscherin Lidewij Edelkoort scheut sich nie vor ungew\u00f6hnlichen Vorhersagen. So lautete ihre Vorhersage f\u00fcr Herbst\/Winter 2019\/20 \u201ebunter denn je\u201d und im vergangenen Jahr ging ein kleiner Schock durch das Publikum, als sie erkl\u00e4rte, \u201edass Braun zum neuen Schwarz werden w\u00fcrde\u201c.<\/p>\n<p>Auch f\u00fcr <strong>Herbst\/Winter 2021\/22<\/strong> wartete sie in ihrem Online-Trendseminar &#8218;Stillness&#8216; mit einer \u00fcberraschenden Vorhersage auf:<\/p>\n<h3>&#8222;Wei\u00df geht vom Sommer in den Winter hinein und dar\u00fcber hinaus&#8220;.<\/h3>\n<p>Die Prognose der Trendforscherin sieht einen Winter voraus, in dem eine d\u00fcnne, wei\u00dfe Schicht aus Schnee \u00fcber allen Farben liegen wird.<\/p>\n<p>Edelkoort f\u00e4llt direkt mit der T\u00fcr ins Haus. Die Herbst-\/Wintersaison 2021\/22 wird eine Reaktion auf das sein, was die Welt gerade durchmacht. Schon vor der Pandemie hatte sie das Gef\u00fchl, dass eine Ver\u00e4nderung eintreten w\u00fcrde, aber selbst sie konnte ein Ereignis dieser Gr\u00f6\u00dfenordnung nicht vorhersehen. Bereits im November 2021 sieht sie den Aufstieg von Wei\u00df und das Bed\u00fcrfnis nach Stille und Licht, sagt sie. Sie hat nun Wei\u00df als Symbol gew\u00e4hlt.<\/p>\n\n\n<div id=\"wk-grid50b\" class=\"uk-grid-width-1-1 uk-grid-width-small-1-2 uk-grid-width-medium-1-4 uk-grid-width-large-1-4 uk-grid-width-xlarge-1-4 uk-grid uk-grid-match \" data-uk-grid-match=\"{target:'> div > .uk-panel', row:true}\" data-uk-grid-margin >\n\n    \n    <div>\n    \n<div class=\"uk-panel\">\n\n    <div class=\"uk-panel-teaser\">\n\n        <figure class=\"uk-overlay uk-overlay-hover \">\n\n            <img loading=\"lazy\" decoding=\"async\" src=\"\/wp-content\/uploads\/blog_202101_01.jpg\" alt=\"Blog 202101 01\" width=\"533\" height=\"800\">\n            \n            \n            \n                                                                        <a class=\"uk-position-cover\" href=\"\/wp-content\/uploads\/blog_202101_01.jpg\" data-lightbox-type=\"image\" data-uk-lightbox=\"{group:'.wk-150b'}\" ><\/a>\n                                                \n        <\/figure>\n\n    <\/div>\n\n    \n        \n        \n    \n<\/div>\n    <\/div>\n\n        \n    <div>\n    \n<div class=\"uk-panel\">\n\n    <div class=\"uk-panel-teaser\">\n\n        <figure class=\"uk-overlay uk-overlay-hover \">\n\n            <img loading=\"lazy\" decoding=\"async\" src=\"\/wp-content\/uploads\/blog_202101_02.jpg\" alt=\"Blog 202101 02\" width=\"533\" height=\"800\">\n            \n            \n            \n                                                                        <a class=\"uk-position-cover\" href=\"\/wp-content\/uploads\/blog_202101_02.jpg\" data-lightbox-type=\"image\" data-uk-lightbox=\"{group:'.wk-150b'}\" ><\/a>\n                                                \n        <\/figure>\n\n    <\/div>\n\n    \n        \n        \n    \n<\/div>\n    <\/div>\n\n        \n    <div>\n    \n<div class=\"uk-panel\">\n\n    <div class=\"uk-panel-teaser\">\n\n        <figure class=\"uk-overlay uk-overlay-hover \">\n\n            <img loading=\"lazy\" decoding=\"async\" src=\"\/wp-content\/uploads\/blog_202101_03.jpg\" alt=\"Blog 202101 03\" width=\"533\" height=\"800\">\n            \n            \n            \n                                                                        <a class=\"uk-position-cover\" href=\"\/wp-content\/uploads\/blog_202101_03.jpg\" data-lightbox-type=\"image\" data-uk-lightbox=\"{group:'.wk-150b'}\" ><\/a>\n                                                \n        <\/figure>\n\n    <\/div>\n\n    \n        \n        \n    \n<\/div>\n    <\/div>\n\n        \n    <div>\n    \n<div class=\"uk-panel\">\n\n    <div class=\"uk-panel-teaser\">\n\n        <figure class=\"uk-overlay uk-overlay-hover \">\n\n            <img loading=\"lazy\" decoding=\"async\" src=\"\/wp-content\/uploads\/blog_202101_04.jpg\" alt=\"Blog 202101 04\" width=\"532\" height=\"800\">\n            \n            \n            \n                                                                        <a class=\"uk-position-cover\" href=\"\/wp-content\/uploads\/blog_202101_04.jpg\" data-lightbox-type=\"image\" data-uk-lightbox=\"{group:'.wk-150b'}\" ><\/a>\n                                                \n        <\/figure>\n\n    <\/div>\n\n    \n        \n        \n    \n<\/div>\n    <\/div>\n\n    \n<\/div>\n\n\n<script>\n(function($){\n\n    \/\/ get the images of the gallery and replace it by a canvas of the same size to fix the problem with overlapping images on load.\n    $('img[width][height]:not(.uk-overlay-panel)', $('#wk-grid50b')).each(function() {\n\n        var $img = $(this);\n\n        if (this.width == 'auto' || this.height == 'auto' || !$img.is(':visible')) {\n            return;\n        }\n\n        var $canvas = $('<canvas class=\"uk-responsive-width\"><\/canvas>').attr({width:$img.attr('width'), height:$img.attr('height')}),\n            img = new Image,\n            release = function() {\n                $canvas.remove();\n                $img.css('display', '');\n                release = function(){};\n            };\n\n        $img.css('display', 'none').after($canvas);\n\n        $(img).on('load', function(){ release(); });\n        setTimeout(function(){ release(); }, 1000);\n\n        img.src = this.src;\n\n    });\n\n})(jQuery);\n<\/script>\n\n<p><span style=\"font-size: 8pt;\">Fotos :die ersten beiden Bilder, Christian Wijnants AW20 durch Christian Wijnants, Jil Sander AW20 und Dolce &amp; Gabbana AW20 \u00fcber Catwalkpictures.com<\/span><\/p>\n<p>&nbsp;<\/p>\n<h3>&#8222;Zum ersten Mal in der Mode wird Wei\u00df vom Sommer bis in den Wintereinbruch hineinreichen.&#8220;<\/h3>\n<p>Wer glaubt, dass die Trendforscherin buchst\u00e4blich nur Wei\u00df f\u00fcr die Saison vorhersagt, irrt sich. Ihre Farbpalette enth\u00e4lt noch etwas Farbe und nur eine dunkle Farbgeschichte. Edelkoort sieht diese dunklen Farben als Akzentfarben und sie sollten daher nicht im \u00dcberfluss eingesetzt werden.<\/p>\n<p>Die verschiedenen Farbgeschichten \u2012 jeder, der Edelkoort\u2018s Seminare kennt, wei\u00df, dass sie immer mit Geschichten arbeitet \u2012 sind alle mit wei\u00dfen Materialien verbunden. Denken Sie zum Beispiel an Blumen und Wolle, aber auch an Schnee, Nebel oder Eis.<\/p>\n<p>Im Allgemeinen besteht Edelkoort\u2018s Vorhersage aus neutralen Farbt\u00f6nen, die sich an das Wei\u00df h\u00e4ngen. Es ist, als ob die Farben von einer Schnee-, Nebel-, Sand- oder Blumenschicht \u00fcberzogen w\u00e4ren. &#8222;Die Farbe ist dem Wei\u00df untergeordnet&#8220;, erkl\u00e4rt sie. W\u00e4hrend des Seminars werden helle Rosat\u00f6ne gezeigt, aber auch sehr helle Gr\u00fcn-, Blau- und Oranget\u00f6ne. &#8222;Alle Farben sind in Wirklichkeit Nicht-Farben und Halbt\u00f6ne&#8220;, sagt die Trendforscherin.<\/p>\n<h3>&#8222;Es wird eine gro\u00dfe Wiederbelebung der Strickwaren geben.\u201c<\/h3>\n<p>Was w\u00e4hrend des Seminars auch auff\u00e4llt, ist die gro\u00dfe Menge an weichen und komfortablen Materialien. &#8222;Es wird eine gro\u00dfe Wiederbelebung der Strickwaren geben, das werden die Artikel sein, die viel verkauft werden&#8220;, sagt sie. <strong>&#8222;Man braucht W\u00e4rme und Gl\u00fcck, das aus der Weichheit kommt&#8220;.<\/strong> Es erinnert an das skandinavische Konzept von &#8222;Hygge&#8220; (dt.: Gem\u00fctlichkeit), bei dem auch bequeme und warme Kleidung eine gro\u00dfe Rolle spielt. &#8222;Es ist das erste Mal in der Mode, dass wei\u00dfe T\u00f6ne vom Sommer in den Winter und dar\u00fcber hinaus reichen&#8220;, sagt Edelkoort. &#8222;In Amerika sagt man: &#8222;Man kann nach dem Arbeitstag kein Wei\u00df tragen&#8220;. Das m\u00fcssen Sie jetzt wirklich \u00fcberwinden.&#8220;<\/p>\n\n\n<div id=\"wk-grid5b9\" class=\"uk-grid-width-1-1 uk-grid-width-small-1-2 uk-grid-width-medium-1-4 uk-grid-width-large-1-4 uk-grid-width-xlarge-1-4 uk-grid uk-grid-match \" data-uk-grid-match=\"{target:'> div > .uk-panel', row:true}\" data-uk-grid-margin >\n\n    \n    <div>\n    \n<div class=\"uk-panel\">\n\n    <div class=\"uk-panel-teaser\">\n\n        <figure class=\"uk-overlay uk-overlay-hover \">\n\n            <img loading=\"lazy\" decoding=\"async\" src=\"\/wp-content\/uploads\/blog_202101_05.jpg\" alt=\"Blog 202101 01\" width=\"532\" height=\"800\">\n            \n            \n            \n                                                                        <a class=\"uk-position-cover\" href=\"\/wp-content\/uploads\/blog_202101_05.jpg\" data-lightbox-type=\"image\" data-uk-lightbox=\"{group:'.wk-15b9'}\" ><\/a>\n                                                \n        <\/figure>\n\n    <\/div>\n\n    \n        \n        \n    \n<\/div>\n    <\/div>\n\n        \n    <div>\n    \n<div class=\"uk-panel\">\n\n    <div class=\"uk-panel-teaser\">\n\n        <figure class=\"uk-overlay uk-overlay-hover \">\n\n            <img loading=\"lazy\" decoding=\"async\" src=\"\/wp-content\/uploads\/blog_202101_06.jpg\" alt=\"Blog 202101 02\" width=\"533\" height=\"800\">\n            \n            \n            \n                                                                        <a class=\"uk-position-cover\" href=\"\/wp-content\/uploads\/blog_202101_06.jpg\" data-lightbox-type=\"image\" data-uk-lightbox=\"{group:'.wk-15b9'}\" ><\/a>\n                                                \n        <\/figure>\n\n    <\/div>\n\n    \n        \n        \n    \n<\/div>\n    <\/div>\n\n        \n    <div>\n    \n<div class=\"uk-panel\">\n\n    <div class=\"uk-panel-teaser\">\n\n        <figure class=\"uk-overlay uk-overlay-hover \">\n\n            <img loading=\"lazy\" decoding=\"async\" src=\"\/wp-content\/uploads\/blog_202101_07.jpg\" alt=\"Blog 202101 03\" width=\"533\" height=\"800\">\n            \n            \n            \n                                                                        <a class=\"uk-position-cover\" href=\"\/wp-content\/uploads\/blog_202101_07.jpg\" data-lightbox-type=\"image\" data-uk-lightbox=\"{group:'.wk-15b9'}\" ><\/a>\n                                                \n        <\/figure>\n\n    <\/div>\n\n    \n        \n        \n    \n<\/div>\n    <\/div>\n\n        \n    <div>\n    \n<div class=\"uk-panel\">\n\n    <div class=\"uk-panel-teaser\">\n\n        <figure class=\"uk-overlay uk-overlay-hover \">\n\n            <img loading=\"lazy\" decoding=\"async\" src=\"\/wp-content\/uploads\/blog_202101_08.jpg\" alt=\"Blog 202101 04\" width=\"533\" height=\"800\">\n            \n            \n            \n                                                                        <a class=\"uk-position-cover\" href=\"\/wp-content\/uploads\/blog_202101_08.jpg\" data-lightbox-type=\"image\" data-uk-lightbox=\"{group:'.wk-15b9'}\" ><\/a>\n                                                \n        <\/figure>\n\n    <\/div>\n\n    \n        \n        \n    \n<\/div>\n    <\/div>\n\n    \n<\/div>\n\n\n<script>\n(function($){\n\n    \/\/ get the images of the gallery and replace it by a canvas of the same size to fix the problem with overlapping images on load.\n    $('img[width][height]:not(.uk-overlay-panel)', $('#wk-grid5b9')).each(function() {\n\n        var $img = $(this);\n\n        if (this.width == 'auto' || this.height == 'auto' || !$img.is(':visible')) {\n            return;\n        }\n\n        var $canvas = $('<canvas class=\"uk-responsive-width\"><\/canvas>').attr({width:$img.attr('width'), height:$img.attr('height')}),\n            img = new Image,\n            release = function() {\n                $canvas.remove();\n                $img.css('display', '');\n                release = function(){};\n            };\n\n        $img.css('display', 'none').after($canvas);\n\n        $(img).on('load', function(){ release(); });\n        setTimeout(function(){ release(); }, 1000);\n\n        img.src = this.src;\n\n    });\n\n})(jQuery);\n<\/script>\n\n<p><span style=\"font-size: 8pt;\">Fotos: Dolce &amp; Gabbana AW20, Fendi AW20, Haider Ackermann AW20, Alexander McQueen via Catwalkpictures.com<\/span><\/p>\n<p>&nbsp;<\/p>\n<p><span style=\"font-size: 8pt;\">N\u00e4heres:\u00a0<\/span><span style=\"font-size: 8pt;\">Fashionunited von Caitlyn Terra<\/span><\/p>\n<p>&nbsp;<\/p>\n<p>&nbsp;<\/p>\n<p><a id=\"blog210102\"><\/a><img loading=\"lazy\" decoding=\"async\" class=\"size-full wp-image-665 aligncenter\" src=\"http:\/\/www.austriandesign.at\/wp-content\/uploads\/blog_202101_shah.jpg\" alt=\"\" width=\"800\" height=\"285\" srcset=\"https:\/\/www.austriandesign.at\/wp-content\/uploads\/blog_202101_shah.jpg 800w, https:\/\/www.austriandesign.at\/wp-content\/uploads\/blog_202101_shah-300x107.jpg 300w, https:\/\/www.austriandesign.at\/wp-content\/uploads\/blog_202101_shah-768x274.jpg 768w\" sizes=\"auto, (max-width: 800px) 100vw, 800px\" \/><\/p>\n<h2>Prognose f\u00fcr Herbst\/Winter 2021\/22 von David R. Shah, VIEW<\/h2>\n<p>Die Welt dreht sich weiter &#8230; Alles wurde von Covid-19 auf den Kopf gestellt. Es wird immer schwieriger die Zukunft vorherzusagen. Durch positive Motivation und Flexibilit\u00e4t im Handeln werden L\u00f6sungen gefunden. Vertraut wird auf Kreativit\u00e4t.<\/p>\n<p>Die Saison Herbst\/Winter 2021\/22 wird bestimmt durch<strong> Inspiration<\/strong>, die sich zum einen aus dem Nat\u00fcrlichen, dem Erdigen und dem Strukturellen ergibt und im Gegensatz dazu durch einen <strong>digitalen Aspekt<\/strong>, der sich auf verbesserte Lebensvisionen durch Virtual Reality, 3D-Software und Augmented Reality konzentriert.<\/p>\n<p>Die Farben der Herbst\/Winter Saison 2021\/22 folgen diesen beiden Aspekten und neigen zu warmen, beruhigenden neutralen und einfachen Graut\u00f6nen, denen euphorische Pastellt\u00f6ne oder mysteri\u00f6se Unterwasser-Blaugr\u00fcnt\u00f6ne gegen\u00fcberstehen.<\/p>\n<p>Entsprechend der Zeitstimmung sind die <strong>Formen<\/strong> entspannt und sch\u00fctzend und die <strong>Schnitte<\/strong> unstrukturiert und gro\u00dfz\u00fcgig, damit wir uns \u201eeinh\u00fcllen\u201c k\u00f6nnen. Im Gegensatz dazu f\u00fchren innovative neue Materialien oder der Wunsch, St\u00e4rke zu zeigen, zu k\u00fchnen skulpturalen Formen, die mit einer Erweiterung des K\u00f6rpers spielen.<\/p>\n<p>Auch bei den <strong>modischen Accessoires<\/strong> nimmt das Design diese Grundstimmung auf und konzentriert sich auf Authentizit\u00e4t, fortschrittliche Innovation, Schutz und vor allem auf Ver\u00e4nderungen. Change is change.<\/p>\n<p>Die <strong>Stoff<\/strong>hersteller sind in ihrem Ansatz polarisiert und blicken sowohl vorw\u00e4rts als auch r\u00fcckw\u00e4rts. Bew\u00e4hrtes Design scheint die \u00fcbergeordnete Regel zu sein, das aber durch gro\u00dfe Investition in Qualit\u00e4t kompensiert wird.<\/p>\n<p><strong>Fazit:<\/strong> Es wird alles andere als eine langweilige Saison, denn Nachhaltigkeit, neue Materialien und revolution\u00e4re innovative Verfahren durchdringen alle Bereiche.<\/p>\n<p>&nbsp;<\/p>\n<p style=\"text-align: center;\"><strong>System reset<\/strong><br \/>\n<strong>Seasonless<\/strong><br \/>\n<strong>Genderless<\/strong><br \/>\n<strong>Long life<\/strong><br \/>\n<strong>Function matters<\/strong><br \/>\n<strong>Simplicity<\/strong><\/p>\n<p>&nbsp;<\/p>\n<h3>Jetzt ist die Zeit f\u00fcr einen Reset.<\/h3>\n<p>Neubewertung der Werte, reduktive Denkweise, Vermeiden von \u00dcberfl\u00fcssigem, Verschwendung und Abfall sowie Konzentration auf das Wesentliche.<\/p>\n<h3>Die Mode ist nachhaltig.<\/h3>\n<p>Saisonlos, geschlechtslos (unisex), auf Langlebigkeit der Materialien und Modelle ausgerichtet und das Design passt sich an vorhandene Garderoben an.<\/p>\n<h3>Ehrliche Qualit\u00e4t steht im Mittelpunkt.<\/h3>\n<p>Neue \u00d6ko-Kunststoffe stehen neben organischen Naturfasern. Ressourcen sind wertvoll und man geht achtsam mit ihnen um. K\u00fcnstler und Designer nehmen die gro\u00dfen Fragen unserer Zeit auf und bieten L\u00f6sungen. Die Ergebnisse sind sensibel genug um den Kollaps zu vermeiden.<\/p>\n<p>&nbsp;<\/p>\n<p><span style=\"font-size: 8pt;\">N\u00e4heres:\u00a0<\/span><span style=\"font-size: 8pt;\">VIEW Issue 131, frei \u00fcbersetzt<\/span><\/p>\n<p>&nbsp;<\/p>\n<p>&nbsp;<\/p>\n<p><a id=\"blog210103\"><\/a><img loading=\"lazy\" decoding=\"async\" class=\"size-full wp-image-663 aligncenter\" src=\"http:\/\/www.austriandesign.at\/wp-content\/uploads\/blog_202101_edelkoort.jpg\" alt=\"\" width=\"800\" height=\"285\" srcset=\"https:\/\/www.austriandesign.at\/wp-content\/uploads\/blog_202101_edelkoort.jpg 800w, https:\/\/www.austriandesign.at\/wp-content\/uploads\/blog_202101_edelkoort-300x107.jpg 300w, https:\/\/www.austriandesign.at\/wp-content\/uploads\/blog_202101_edelkoort-768x274.jpg 768w\" sizes=\"auto, (max-width: 800px) 100vw, 800px\" \/><\/p>\n<h2>LIFESTYLE TREND 2022\/23 &gt;BLANK PAGE&lt; von Lidewij Edelkoort<\/h2>\n<p>\u201eWir machen eine Pause, um wieder zu Atem zu kommen. Wie durch ein Koma unterbrochen, nehmen wir uns Zeit zum Nachdenken, um den Sinn unseres Lebens und unserer Arbeit zu \u00fcberdenken. Wir sehnen uns nach Stille. Diese neue Vision bewirkt, dass wir alles von Grund auf neu erfinden. Die Tatsache, dass unser Verhalten 10% der globalen Erw\u00e4rmung ausmacht, ist be\u00e4ngstigend und motiviert uns, L\u00f6sungen zu finden. Von beeindruckenden Frauen wie Greta und Jane ermutigt \u2013 Teenager und Gro\u00dfm\u00fctter sind sich einig \u2013 w\u00e4chst das Bewusstsein rapide. Alle Einzelh\u00e4ndler, Marken, Designer und Kunden sind sich dessen bewusst. Die Menschen sind endlich bereit, ihre Art zu \u00e4ndern und die Fesseln ihrer Kaufsucht zu l\u00f6sen. Sie werden alles von Grund auf neu erfinden, ihre R\u00e4ume und ihre Lager verkleinern und bewerten ihren Kleidungskonsum neu. Ein Gef\u00fchl der Befreiung und Leichtigkeit wird das Ergebnis sein. Diese neue Stille wird klar und funkelnd sein wie ein Kristall, mit pr\u00e4zisen Zielen f\u00fcr unsere Zukunft. Als Industrie werden wir beschlie\u00dfen, die Produktion zu k\u00fcrzen, das Design zu rationalisieren und verantwortungsbewusste Produkte herzustellen, die langlebig sind. Das bedeutet nicht, dass wir aufh\u00f6ren werden, sch\u00f6ne Dinge zu machen \u2013 im Gegenteil. Sch\u00f6nheit ist eine Form von Aktivismus, um den Schmerz, den wir erleben, irgendwie zu lindern. Daher wird der <strong>Fokus auf weniger und besser, minimal und au\u00dfergew\u00f6hnlich sowie nachhaltig und intuitiv<\/strong> liegen.\u201c, so Edelkoort.<\/p>\n<p>&nbsp;<\/p>\n<p><span style=\"font-size: 8pt;\">N\u00e4heres:\u00a0<\/span><span style=\"font-size: 8pt;\">www.edelkoort.ch ; Unter dem Titel \u00abBLANK PAGE\u00bb h\u00e4lt Li Edelkoort im Februar 2021 ein Webinar, indem die Stilikone der Trendforschung einen spannenden und fundierten Einblick in die gesellschaftlichen Zukunftsentwicklungen sowie die Trends in Lifestyle, Interior, Fashion, Materialien und der Farben der neuen Saison 2022\/23 gibt.<\/span><\/p>\n","protected":false},"excerpt":{"rendered":"<p>The latest trend analyses by renowned trend researcher Li Edelkoort and the international View magazine provide an overview of the themes for the 2021\/22 season.<\/p>","protected":false},"author":1,"featured_media":667,"comment_status":"closed","ping_status":"closed","sticky":false,"template":"","format":"standard","meta":{"footnotes":""},"categories":[2],"tags":[],"class_list":["post-646","post","type-post","status-publish","format-standard","has-post-thumbnail","hentry","category-blog"],"_links":{"self":[{"href":"https:\/\/www.austriandesign.at\/en\/wp-json\/wp\/v2\/posts\/646","targetHints":{"allow":["GET"]}}],"collection":[{"href":"https:\/\/www.austriandesign.at\/en\/wp-json\/wp\/v2\/posts"}],"about":[{"href":"https:\/\/www.austriandesign.at\/en\/wp-json\/wp\/v2\/types\/post"}],"author":[{"embeddable":true,"href":"https:\/\/www.austriandesign.at\/en\/wp-json\/wp\/v2\/users\/1"}],"replies":[{"embeddable":true,"href":"https:\/\/www.austriandesign.at\/en\/wp-json\/wp\/v2\/comments?post=646"}],"version-history":[{"count":0,"href":"https:\/\/www.austriandesign.at\/en\/wp-json\/wp\/v2\/posts\/646\/revisions"}],"wp:featuredmedia":[{"embeddable":true,"href":"https:\/\/www.austriandesign.at\/en\/wp-json\/wp\/v2\/media\/667"}],"wp:attachment":[{"href":"https:\/\/www.austriandesign.at\/en\/wp-json\/wp\/v2\/media?parent=646"}],"wp:term":[{"taxonomy":"category","embeddable":true,"href":"https:\/\/www.austriandesign.at\/en\/wp-json\/wp\/v2\/categories?post=646"},{"taxonomy":"post_tag","embeddable":true,"href":"https:\/\/www.austriandesign.at\/en\/wp-json\/wp\/v2\/tags?post=646"}],"curies":[{"name":"wp","href":"https:\/\/api.w.org\/{rel}","templated":true}]}}